{"id":181,"date":"2015-05-05T08:16:38","date_gmt":"2015-05-05T08:16:38","guid":{"rendered":"http:\/\/realize.com.es\/?p=181"},"modified":"2015-05-05T08:18:17","modified_gmt":"2015-05-05T08:18:17","slug":"realize-s-coop-participa-en-el-congreso-pontes-para-o-futuro-en-oporto","status":"publish","type":"post","link":"https:\/\/realize.com.es\/?p=181","title":{"rendered":"RealiZe S. Coop. participa en el Congreso \u00abPontes para o futuro\u00bb en Oporto"},"content":{"rendered":"<p>El pasado 29 de abril, I\u00f1igo Urkidi en representaci\u00f3n de\u00a0 REALIZE S. Coop, particip\u00f3 como ponente en el <a href=\"http:\/\/www.cisporto.pt\/\">Forum\u00a0\u201cPontes para o futuro\u201d<\/a>, una iniciativa del Centro de Innovaci\u00f3n Social de Oporto.<!--more--><\/p>\n<p>La intervenci\u00f3n de REALIZE S. Coop se centr\u00f3 en las posibilidades de generar actividad econ\u00f3mica a nivel de un territorio bas\u00e1ndonos en las capacidades existentes y en un enfoque transversal de la Innovaci\u00f3n Social.<\/p>\n<p>Tomaron parte en el Congreso algunas de las entidades m\u00e1s relevantes del pa\u00eds luso en el \u00e1mbito de la creaci\u00f3n de empresas y la Innovaci\u00f3n Social, como el Presidente de la C\u00e1mara de Comercio de Oporto, el Presidente de Portugal Inova\u00e7ao Social, o el director de la Funda\u00e7ao Montepio.<\/p>\n<figure id=\"attachment_183\" aria-describedby=\"caption-attachment-183\" style=\"width: 321px\" class=\"wp-caption aligncenter\"><a href=\"http:\/\/realize.com.es\/wp-content\/uploads\/2015\/05\/Pontes.jpg\"><img loading=\"lazy\" decoding=\"async\" class=\"size-full wp-image-183\" src=\"http:\/\/realize.com.es\/wp-content\/uploads\/2015\/05\/Pontes.jpg\" alt=\"Pontes para o futuro\" width=\"321\" height=\"241\" srcset=\"https:\/\/realize.com.es\/wp-content\/uploads\/2015\/05\/Pontes.jpg 321w, https:\/\/realize.com.es\/wp-content\/uploads\/2015\/05\/Pontes-300x225.jpg 300w\" sizes=\"(max-width: 321px) 100vw, 321px\" \/><\/a><figcaption id=\"caption-attachment-183\" class=\"wp-caption-text\">Pontes para o futuro<\/figcaption><\/figure>\n","protected":false},"excerpt":{"rendered":"<p>El pasado 29 de abril, I\u00f1igo Urkidi en representaci\u00f3n de\u00a0 REALIZE S. Coop, particip\u00f3 como ponente en el Forum\u00a0\u201cPontes para o futuro\u201d, una iniciativa del Centro de Innovaci\u00f3n Social de Oporto.<\/p>\n","protected":false},"author":1,"featured_media":0,"comment_status":"open","ping_status":"open","sticky":false,"template":"","format":"standard","meta":{"footnotes":""},"categories":[1,5],"tags":[],"_links":{"self":[{"href":"https:\/\/realize.com.es\/index.php?rest_route=\/wp\/v2\/posts\/181"}],"collection":[{"href":"https:\/\/realize.com.es\/index.php?rest_route=\/wp\/v2\/posts"}],"about":[{"href":"https:\/\/realize.com.es\/index.php?rest_route=\/wp\/v2\/types\/post"}],"author":[{"embeddable":true,"href":"https:\/\/realize.com.es\/index.php?rest_route=\/wp\/v2\/users\/1"}],"replies":[{"embeddable":true,"href":"https:\/\/realize.com.es\/index.php?rest_route=%2Fwp%2Fv2%2Fcomments&post=181"}],"version-history":[{"count":5,"href":"https:\/\/realize.com.es\/index.php?rest_route=\/wp\/v2\/posts\/181\/revisions"}],"predecessor-version":[{"id":187,"href":"https:\/\/realize.com.es\/index.php?rest_route=\/wp\/v2\/posts\/181\/revisions\/187"}],"wp:attachment":[{"href":"https:\/\/realize.com.es\/index.php?rest_route=%2Fwp%2Fv2%2Fmedia&parent=181"}],"wp:term":[{"taxonomy":"category","embeddable":true,"href":"https:\/\/realize.com.es\/index.php?rest_route=%2Fwp%2Fv2%2Fcategories&post=181"},{"taxonomy":"post_tag","embeddable":true,"href":"https:\/\/realize.com.es\/index.php?rest_route=%2Fwp%2Fv2%2Ftags&post=181"}],"curies":[{"name":"wp","href":"https:\/\/api.w.org\/{rel}","templated":true}]}}